{"id":10659,"date":"2022-02-24T10:00:15","date_gmt":"2022-02-24T13:00:15","guid":{"rendered":"https:\/\/www.messer-br.com\/?p=4043"},"modified":"2022-02-24T10:00:15","modified_gmt":"2022-02-24T13:00:15","slug":"acetileno","status":"publish","type":"post","link":"https:\/\/www.fabricac.com.br\/messer\/blog\/acetileno\/","title":{"rendered":"Acetileno para ind\u00fastrias: conhe\u00e7a suas caracter\u00edsticas e benef\u00edcios"},"content":{"rendered":"<p><span style=\"font-weight: 400;\">O <\/span><b>acetileno<\/b><span style=\"font-weight: 400;\"> (C<\/span><span style=\"font-weight: 400;\">2<\/span><span style=\"font-weight: 400;\">H<\/span><span style=\"font-weight: 400;\">2<\/span><span style=\"font-weight: 400;\">) \u00e9 um composto qu\u00edmico que pertence \u00e0 fam\u00edlia dos hidrocarbonetos. Ele \u00e9 considerado uma mat\u00e9ria-prima vers\u00e1til nas ind\u00fastrias, sendo utilizado na fabrica\u00e7\u00e3o de explosivos, solventes e pl\u00e1sticos.<\/span><\/p>\n<p><span style=\"font-weight: 400;\">Al\u00e9m disso, ele \u00e9 utilizado em processos de corte de metais, de s\u00edntese org\u00e2nica e em equipamentos de absor\u00e7\u00e3o at\u00f4mica.<\/span><\/p>\n<p><span style=\"font-weight: 400;\">Neste artigo, voc\u00ea vai conhecer as aplica\u00e7\u00f5es do <strong>acetileno na ind\u00fastria<\/strong> e conhecer as nossas solu\u00e7\u00f5es.<\/span><\/p>\n<h2><span style=\"font-weight: 400;\">Propriedades do g\u00e1s acetileno<\/span><\/h2>\n<p><span style=\"font-weight: 400;\">O acetileno tem um odor considerado desagrad\u00e1vel e peculiar. Ele se decomp\u00f5e com facilidade sob press\u00e3o e \u00e9 um g\u00e1s inst\u00e1vel.<\/span><\/p>\n<p><span style=\"font-weight: 400;\">Em temperatura ambiente, o <strong>acetileno<\/strong> se encontra em estado gasoso, n\u00e3o apresenta cor e pode ser dissolvido em \u00e1gua e outros compostos org\u00e2nicos, como \u00e1lcool e \u00e9ter. Outra caracter\u00edstica do acetileno \u00e9 que seus pontos de fus\u00e3o e ebuli\u00e7\u00e3o s\u00e3o pr\u00f3ximos \u2014 ambos a cerca de -84\u00b0C.<\/span><\/p>\n<p><span style=\"font-weight: 400;\">O m\u00e9todo mais utilizado para a obten\u00e7\u00e3o do acetileno \u00e9 a rea\u00e7\u00e3o qu\u00edmica entre carbeto de c\u00e1lcio (CaC2<\/span><span style=\"font-weight: 400;\">) e \u00e1gua (H<\/span><span style=\"font-weight: 400;\">2<\/span><span style=\"font-weight: 400;\">O). Quando esse processo acontece, formam-se hidr\u00f3xido de c\u00e1lcio e acetileno gasoso.<\/span><\/p>\n<p><span style=\"font-weight: 400;\">Nas ind\u00fastrias, comumente o acetileno \u00e9 armazenado em cilindros, dissolvido em acetona.<\/span><\/p>\n<h2><span style=\"font-weight: 400;\">G\u00e1s acetileno no corte de metais: conhe\u00e7a mais sobre o oxicorte<\/span><\/h2>\n<p><span style=\"font-weight: 400;\">O acetileno \u00e9 um dos gases mais utilizados no <\/span><a href=\"https:\/\/www.fabricac.com.br\/messer\/solucoes\/solda-e-corte\/\" target=\"_blank\" rel=\"noopener\"><span style=\"font-weight: 400;\">oxicorte<\/span><\/a><span style=\"font-weight: 400;\"> e \u00e9 o mais indicado para esse fim nas ind\u00fastrias. Isso acontece por causa da sua elevada temperatura de chama, que chega a 3.100\u00b0C, e seu maior percentual em peso de carbono na compara\u00e7\u00e3o com outros combust\u00edveis.<\/span><\/p>\n<p><span style=\"font-weight: 400;\">Para que o corte aconte\u00e7a, usa-se uma mistura de dois gases. Um deles \u00e9 sempre o <a href=\"https:\/\/www.fabricac.com.br\/messer\/produtos\/oxigenio\/\" target=\"_blank\" rel=\"noopener\">oxig\u00eanio<\/a> puro. Os demais podem ser, al\u00e9m do acetileno, o propano, GLP, g\u00e1s de nafta, <a href=\"https:\/\/www.fabricac.com.br\/messer\/produtos\/hidrogenio\/\" target=\"_blank\" rel=\"noopener\">hidrog\u00eanio<\/a> e g\u00e1s natural.<\/span><\/p>\n<h3><span style=\"font-weight: 400;\">Como soldar alum\u00ednio com acetileno?<\/span><\/h3>\n<p><span style=\"font-weight: 400;\">A solda de alum\u00ednio usando acetileno \u00e9 feita com o ma\u00e7arico de oxiacetileno, que usa g\u00e1s e ar para solda e \u00e9 relativamente barato em compara\u00e7\u00e3o a outras solu\u00e7\u00f5es para solda de alum\u00ednio.<\/span><\/p>\n<h2><span style=\"font-weight: 400;\">Outras aplica\u00e7\u00f5es do acetileno nas ind\u00fastrias<\/span><\/h2>\n<p><span style=\"font-weight: 400;\">Al\u00e9m do oxicorte, o acetileno \u00e9 utilizado em outros processos dentro das ind\u00fastrias. Conhe\u00e7a os principais:<\/span><\/p>\n<h3><span style=\"font-weight: 400;\">Processos de s\u00edntese org\u00e2nica<\/span><\/h3>\n<p><span style=\"font-weight: 400;\">O acetileno \u00e9 um produto qu\u00edmico extremamente vers\u00e1til em processos de s\u00edntese org\u00e2nica, principalmente por causa da sua alta reatividade. Geralmente, o g\u00e1s \u00e9 aplicado na s\u00edntese de cloreto de vinila, PVC, acetato de vinila, vinil acetileno, vinil \u00e9teres, entre outros.<\/span><\/p>\n<h3><span style=\"font-weight: 400;\">Equipamentos de absor\u00e7\u00e3o at\u00f4mica<\/span><\/h3>\n<p><span style=\"font-weight: 400;\">Dentro de laborat\u00f3rios, o acetileno \u00e9 usado com o \u00f3xido nitroso para gerar a chama de equipamentos de absor\u00e7\u00e3o at\u00f4mica.<\/span><\/p>\n<p><a href=\"https:\/\/www.fabricac.com.br\/messer\/lp-processos-de-soldagem\/\"><img fetchpriority=\"high\" decoding=\"async\" class=\"alignnone size-full wp-image-8939\" src=\"https:\/\/www.fabricac.com.br\/messer\/wp-content\/uploads\/2022\/01\/35522blogProcessoDeSoldagemMaisIndicado.jpg\" alt=\"\" width=\"1280\" height=\"628\" srcset=\"https:\/\/www.fabricac.com.br\/messer\/wp-content\/uploads\/2022\/01\/35522blogProcessoDeSoldagemMaisIndicado.jpg 1280w, https:\/\/www.fabricac.com.br\/messer\/wp-content\/uploads\/2022\/01\/35522blogProcessoDeSoldagemMaisIndicado-300x147.jpg 300w, https:\/\/www.fabricac.com.br\/messer\/wp-content\/uploads\/2022\/01\/35522blogProcessoDeSoldagemMaisIndicado-1024x502.jpg 1024w, https:\/\/www.fabricac.com.br\/messer\/wp-content\/uploads\/2022\/01\/35522blogProcessoDeSoldagemMaisIndicado-768x377.jpg 768w\" sizes=\"(max-width: 1280px) 100vw, 1280px\" \/><\/a><\/p>\n<h2><span style=\"font-weight: 400;\">Cuidado e seguran\u00e7a: como manusear e armazenar cilindros de acetileno<\/span><\/h2>\n<p><span style=\"font-weight: 400;\">Por ser altamente reativo e explosivo, o acetileno precisa de alguns cuidados no seu manuseio e armazenamento para diminuir o risco de acidentes, como explos\u00f5es ou inc\u00eandios.<\/span><\/p>\n<p><span style=\"font-weight: 400;\">Algumas normas regulamentadoras tratam desse tema. Na <\/span><a href=\"http:\/\/www.guiatrabalhista.com.br\/legislacao\/nr\/nr18.htm\" target=\"_blank\" rel=\"noopener\"><span style=\"font-weight: 400;\">NR-18<\/span><\/a><span style=\"font-weight: 400;\">, um dos itens deixa claro que as opera\u00e7\u00f5es de oxicorte s\u00f3 podem ser realizadas por profissionais qualificados. J\u00e1 a <\/span><a href=\"https:\/\/www.gov.br\/trabalho-e-previdencia\/pt-br\/composicao\/orgaos-especificos\/secretaria-de-trabalho\/inspecao\/seguranca-e-saude-no-trabalho\/ctpp-nrs\/norma-regulamentadora-no-15-nr-15\" target=\"_blank\" rel=\"noopener\"><span style=\"font-weight: 400;\">NR-15<\/span><\/a><span style=\"font-weight: 400;\"> estabelece crit\u00e9rios para a armazenagem do cilindro de acetileno, e a <\/span><a href=\"https:\/\/www.gov.br\/trabalho-e-previdencia\/pt-br\/composicao\/orgaos-especificos\/secretaria-de-trabalho\/inspecao\/seguranca-e-saude-no-trabalho\/ctpp-nrs\/norma-regulamentadora-no-32-nr-32\" target=\"_blank\" rel=\"noopener\"><span style=\"font-weight: 400;\">NR-32<\/span><\/a><span style=\"font-weight: 400;\"> estabelece limites em rela\u00e7\u00e3o ao uso de agentes qu\u00edmicos.<\/span><\/p>\n<h3><span style=\"font-weight: 400;\">Seguran\u00e7a contra explos\u00e3o<\/span><\/h3>\n<p><span style=\"font-weight: 400;\">Os <a href=\"https:\/\/www.fabricac.com.br\/messer\/blog\/cilindro-de-acetileno\/\" target=\"_blank\" rel=\"noopener\"><strong>cilindros de acetileno<\/strong><\/a> t\u00eam caracter\u00edsticas diferentes dos demais cilindros de g\u00e1s, justamente para evitar explos\u00f5es. Os cilindros s\u00e3o feitos de a\u00e7o composto por uma massa porosa que passa por um processo de decomposi\u00e7\u00e3o quando exposto ao calor.<\/span><\/p>\n<p><span style=\"font-weight: 400;\">Diante de uma explos\u00e3o, essa massa faz com que o cilindro permane\u00e7a em chamas sem explodir, o que d\u00e1 tempo para que as pessoas envolvidas consigam tomar as provid\u00eancias necess\u00e1rias.<\/span><\/p>\n<h3><span style=\"font-weight: 400;\">Utiliza\u00e7\u00e3o do cilindro<\/span><\/h3>\n<p><span style=\"font-weight: 400;\">Antes de sua utiliza\u00e7\u00e3o, o profissional deve tomar alguns cuidados, como verificar se o espa\u00e7o de trabalho tem ventila\u00e7\u00e3o suficiente, se o cilindro est\u00e1 em boas condi\u00e7\u00f5es e se n\u00e3o sofreu danos.<\/span><\/p>\n<p><span style=\"font-weight: 400;\">Antes de armazenar, \u00e9 preciso verificar se todas as v\u00e1lvulas est\u00e3o fechadas e deixar sair o excesso de g\u00e1s.<\/span><\/p>\n<h3><span style=\"font-weight: 400;\">Armazenamento do cilindro<\/span><\/h3>\n<p><span style=\"font-weight: 400;\">O <strong>cilindro de acetileno<\/strong> deve ser estocado em posi\u00e7\u00e3o vertical. Se isso for imposs\u00edvel, \u00e9 fundamental que ele seja colocado nessa posi\u00e7\u00e3o por pelo menos meia hora antes do uso.<\/span><\/p>\n<p><span style=\"font-weight: 400;\">Al\u00e9m disso, o armazenamento deve acontecer em um ambiente ventilado, longe do calor e de qualquer tipo de chama ou equipamentos que possam produzir fa\u00edscas. Tamb\u00e9m \u00e9 importante manter o acetileno estocado longe de cilindros de oxig\u00eanio, cloro ou outros oxidantes e materiais inflam\u00e1veis.<\/span><\/p>\n<p><span style=\"font-weight: 400;\">Caso seja necess\u00e1rio ter instala\u00e7\u00f5es el\u00e9tricas no local do armazenamento, como ilumina\u00e7\u00e3o, por exemplo, \u00e9 muito importante que ela seja \u00e0 prova de explos\u00e3o e feita por um especialista experiente.<\/span><\/p>\n<p><span style=\"font-weight: 400;\">Outro ponto importante para a seguran\u00e7a no armazenamento de acetileno \u00e9 o aterramento de todas as tubula\u00e7\u00f5es e dos equipamentos.<\/span><\/p>\n<h3><span style=\"font-weight: 400;\">Toxicidade<\/span><\/h3>\n<p><span style=\"font-weight: 400;\">Apesar de n\u00e3o ser um g\u00e1s t\u00f3xico, o acetileno atua como asfixiante e tem leve efeito anest\u00e9sico. N\u00e3o h\u00e1 evid\u00eancias de que exposi\u00e7\u00f5es regulares a n\u00edveis toler\u00e1veis do g\u00e1s prejudiquem a sa\u00fade humana.<\/span><\/p>\n<p><span style=\"font-weight: 400;\">No Brasil, a NR-15 considera o produto como um asfixiante simples e n\u00e3o estabelece limite de exposi\u00e7\u00e3o. No entanto, em ambientes de trabalho, deve-se garantir que a sua concentra\u00e7\u00e3o de oxig\u00eanio seja de 18% em volume.<\/span><\/p>\n<h2><span style=\"font-weight: 400;\">Onde comprar acetileno?<\/span><\/h2>\n<p><span style=\"font-weight: 400;\">A <\/span><a href=\"https:\/\/www.fabricac.com.br\/messer\/blog\/messer-gases-brasil\/\" target=\"_blank\" rel=\"noopener\"><span style=\"font-weight: 400;\">Messer<\/span><\/a><span style=\"font-weight: 400;\"> \u00e9 a maior empresa de capital privado do mundo no segmento de gases e oferece solu\u00e7\u00f5es de qualidade e com r\u00edgidos controles de seguran\u00e7a em <\/span><a href=\"https:\/\/www.fabricac.com.br\/messer\/solucoes\/gases-especiais\/\" target=\"_blank\" rel=\"noopener\"><span style=\"font-weight: 400;\">gases<\/span><\/a><span style=\"font-weight: 400;\"> industriais.<\/span><\/p>\n<p><span style=\"font-weight: 400;\">N\u00f3s trabalhamos com <\/span><b>cilindros de acetileno de 2 kg a 65 kg<\/b><span style=\"font-weight: 400;\"> e seguimos todas as normas que regulamentam a comercializa\u00e7\u00e3o, o armazenamento, o transporte e o manuseio do g\u00e1s para garantir a sua seguran\u00e7a e a do nosso time.<\/span><\/p>\n<p><span style=\"font-weight: 400;\">N\u00f3s temos um s\u00e9rio compromisso com a sustentabilidade, qualidade e seguran\u00e7a. Somos uma empresa certificada nos sistemas de gest\u00e3o ISO 9001 e 14001, o que nos garante a sustentabilidade do neg\u00f3cio, alto n\u00edvel de qualidade dos nossos produtos e servi\u00e7os, satisfa\u00e7\u00e3o dos clientes com nossos produtos e atendimento, envolvimento com a comunidade e o engajamento na preserva\u00e7\u00e3o do meio ambiente.<\/span><\/p>\n<h3><span style=\"font-weight: 400;\">Compre acetileno em nossa Loja Messer<\/span><\/h3>\n<p><span style=\"font-weight: 400;\">A <\/span><a href=\"https:\/\/www.lojamesser.com\/\" target=\"_blank\" rel=\"noopener\"><span style=\"font-weight: 400;\">Loja Messer<\/span><\/a><span style=\"font-weight: 400;\"> \u00e9 a nossa loja virtual. L\u00e1 voc\u00ea encontra todos os nossos produtos e pode fazer seus pedidos com a possibilidade de diferentes formas de pagamento.<\/span><\/p>\n<p><span style=\"font-weight: 400;\">Al\u00e9m disso, por l\u00e1 voc\u00ea pode consultar quais cilindros Messer est\u00e3o em sua posse, atualizar seu cadastro, conferir faturas e boletos, atualizar os n\u00edveis do tanque e entrar em contato conosco para atendimento e solicita\u00e7\u00f5es de assist\u00eancia t\u00e9cnica.<\/span><\/p>\n<h3><span style=\"font-weight: 400;\">Canais de contato<\/span><\/h3>\n<p><span style=\"font-weight: 400;\">Se preferir ser atendido por um consultor, <\/span><a href=\"https:\/\/www.fabricac.com.br\/messer\/contato\/\" target=\"_blank\" rel=\"noopener\"><span style=\"font-weight: 400;\">entre em contato conosco<\/span><\/a><span style=\"font-weight: 400;\">.<\/span><\/p>\n<p><span style=\"font-weight: 400;\">Voc\u00ea receber\u00e1 um atendimento personalizado e poder\u00e1 tirar todas as suas d\u00favidas sobre os nossos produtos e servi\u00e7os.<\/span><\/p>\n<p><b>Atendimento 24 horas por dia, nos 7 dias da semana:<\/b><\/p>\n<ul>\n<li><span style=\"font-weight: 400;\"> 0800-725-4633<\/span><\/li>\n<\/ul>\n<p><b>Atendimento comercial (das 8h \u00e0s 17h30):<\/b><\/p>\n<ul>\n<li><span style=\"font-weight: 400;\"> cliente@messerbrasil.com<\/span><\/li>\n<li><i><span style=\"font-weight: 400;\">Chat <\/span><\/i><span style=\"font-weight: 400;\">Loja Messer<\/span><\/li>\n<\/ul>\n<p><a href=\"https:\/\/www.lojamesser.com\/s\/category\/produtos\/gases-industriais\/0ZG6f0000008OJO?c__results_layout_state=%7B%7D\">Conhe\u00e7a nossos Gases Industriais!<\/a><\/p>\n","protected":false},"excerpt":{"rendered":"<p>O acetileno (C2H2) \u00e9 um composto qu\u00edmico que pertence \u00e0 fam\u00edlia dos hidrocarbonetos. Ele \u00e9 considerado uma mat\u00e9ria-prima vers\u00e1til nas ind\u00fastrias, sendo utilizado na fabrica\u00e7\u00e3o de explosivos, solventes e pl\u00e1sticos. Al\u00e9m disso, ele \u00e9 utilizado em processos de corte de metais, de s\u00edntese org\u00e2nica e em equipamentos de absor\u00e7\u00e3o at\u00f4mica. Neste artigo, voc\u00ea vai conhecer [&hellip;]<\/p>\n","protected":false},"author":1,"featured_media":4048,"comment_status":"closed","ping_status":"closed","sticky":false,"template":"","format":"standard","meta":{"footnotes":""},"categories":[37],"tags":[],"class_list":["post-10659","post","type-post","status-publish","format-standard","has-post-thumbnail","hentry","category-blog"],"_links":{"self":[{"href":"https:\/\/www.fabricac.com.br\/messer\/wp-json\/wp\/v2\/posts\/10659","targetHints":{"allow":["GET"]}}],"collection":[{"href":"https:\/\/www.fabricac.com.br\/messer\/wp-json\/wp\/v2\/posts"}],"about":[{"href":"https:\/\/www.fabricac.com.br\/messer\/wp-json\/wp\/v2\/types\/post"}],"author":[{"embeddable":true,"href":"https:\/\/www.fabricac.com.br\/messer\/wp-json\/wp\/v2\/users\/1"}],"replies":[{"embeddable":true,"href":"https:\/\/www.fabricac.com.br\/messer\/wp-json\/wp\/v2\/comments?post=10659"}],"version-history":[{"count":0,"href":"https:\/\/www.fabricac.com.br\/messer\/wp-json\/wp\/v2\/posts\/10659\/revisions"}],"wp:featuredmedia":[{"embeddable":true,"href":"https:\/\/www.fabricac.com.br\/messer\/wp-json\/wp\/v2\/pages\/4048"}],"wp:attachment":[{"href":"https:\/\/www.fabricac.com.br\/messer\/wp-json\/wp\/v2\/media?parent=10659"}],"wp:term":[{"taxonomy":"category","embeddable":true,"href":"https:\/\/www.fabricac.com.br\/messer\/wp-json\/wp\/v2\/categories?post=10659"},{"taxonomy":"post_tag","embeddable":true,"href":"https:\/\/www.fabricac.com.br\/messer\/wp-json\/wp\/v2\/tags?post=10659"}],"curies":[{"name":"wp","href":"https:\/\/api.w.org\/{rel}","templated":true}]}}